{"id":7201,"date":"2025-08-05T15:50:25","date_gmt":"2025-08-05T14:50:25","guid":{"rendered":"https:\/\/www.lteritalia.it\/?p=7201"},"modified":"2025-10-31T13:06:07","modified_gmt":"2025-10-31T12:06:07","slug":"colloqui-in-val-masino-con-legambiente-ed-ersaf","status":"publish","type":"post","link":"https:\/\/www.lteritalia.it\/?p=7201","title":{"rendered":"Colloqui in Val Masino con Legambiente ed ERSAF"},"content":{"rendered":"\n<p>Due giorni tra natura, ricerca e confronto nel cuore delle Alpi. La Rete di Ricerche Ecologiche di Lungo Termine, ERSAF e Legambiente organizzano un incontro speciale nell\u2019area dei Bagni di Masino (SO). Un ambiente ricchissimo dal punto di vista geomorfologico, faunistico e vegetazionale, e uno dei siti di ricerca ecologica di lungo termine di LTER-Italia.<\/p>\n\n\n\n<figure class=\"wp-block-image aligncenter size-large is-resized\"><img loading=\"lazy\" decoding=\"async\" width=\"1024\" height=\"768\" src=\"https:\/\/www.lteritalia.it\/wp-content\/uploads\/IMG-20250723-WA0006-1024x768.jpg\" alt=\"\" class=\"wp-image-7211\" style=\"width:544px;height:auto\" srcset=\"https:\/\/www.lteritalia.it\/wp-content\/uploads\/IMG-20250723-WA0006-1024x768.jpg 1024w, https:\/\/www.lteritalia.it\/wp-content\/uploads\/IMG-20250723-WA0006-300x225.jpg 300w, https:\/\/www.lteritalia.it\/wp-content\/uploads\/IMG-20250723-WA0006-768x576.jpg 768w, https:\/\/www.lteritalia.it\/wp-content\/uploads\/IMG-20250723-WA0006-1536x1152.jpg 1536w, https:\/\/www.lteritalia.it\/wp-content\/uploads\/IMG-20250723-WA0006.jpg 1600w\" sizes=\"auto, (max-width: 1024px) 100vw, 1024px\" \/><\/figure>\n\n\n\n<p>Il 23 agosto il ritrovo \u00e8 alle 9:30 presso il Centro Informativo Legambiente, loc. Bagni di Masino (SO), da cui si partir\u00e0 intorno alle 10:00 per un&#8217;escursione verso il rifugio Omio (circa 2h30 \u2013 928 m di dislivello), dove si svolgeranno le altre attivit\u00e0 della giornata.<\/p>\n\n\n\n<p>Il pranzo \u00e8 libero, mentre cena, pernottamento e colazione potranno svolgersi presso il rifugio (60 \u20ac, guida inclusa \u2013 da saldare in loco).<\/p>\n\n\n\n<p>Il 24 agosto si rientrer\u00e0 in valle in mattinata e alle ore 16:00 si potr\u00e0 assistere al concerto del festival Le Altre Note presso i Bagni di Masino. Il termine dell&#8217;evento \u00e8 previsto per le ore 17:30 circa.<\/p>\n\n\n\n<p>Per chi desidera fermarsi anche la notte del 24, sar\u00e0 possibile pernottare presso la <strong>Casera dei Bagni di Masino<\/strong> gestita da Legambiente (15 \u20ac da pagare in loco).<\/p>\n\n\n\n<p>Per partecipare all&#8217;escursione sar\u00e0 necessario munirsi di scarponcini da montagna, sacco a pelo o sacco lenzuolo per la notte al rifugio. <\/p>\n\n\n\n<p>La partecipazione \u00e8 gratuita ma \u00e8 obbligatorio iscriversi (i posti sono limitati!) compilando l&#8217;apposito modulo: <a href=\"https:\/\/forms.gle\/gERByABNMUEA7c8s9\" target=\"_blank\" rel=\"noopener noreferrer nofollow\">https:\/\/forms.gle\/gERByABNMUEA7c8s9<\/a><\/p>\n\n\n\n<p>Per ulteriori informazioni \u00e8 possibile contattare <a href=\"mailto:giulia.ceciliani@ersaf.lomabrdia.it\">giulia.ceciliani@ersaf.lomabrdia.it<\/a><\/p>\n\n\n\n<div data-wp-interactive=\"core\/file\" class=\"wp-block-file\"><object data-wp-bind--hidden=\"!state.hasPdfPreview\" hidden class=\"wp-block-file__embed\" data=\"https:\/\/www.lteritalia.it\/wp-content\/uploads\/Val-Masino-locandina.pdf\" type=\"application\/pdf\" style=\"width:100%;height:600px\" aria-label=\"Embed of Val Masino locandina.\"><\/object><a id=\"wp-block-file--media-eacbf836-be14-4395-ae8e-4fccc9e8088a\" href=\"https:\/\/www.lteritalia.it\/wp-content\/uploads\/Val-Masino-locandina.pdf\">Val Masino locandina<\/a><a href=\"https:\/\/www.lteritalia.it\/wp-content\/uploads\/Val-Masino-locandina.pdf\" class=\"wp-block-file__button wp-element-button\" download aria-describedby=\"wp-block-file--media-eacbf836-be14-4395-ae8e-4fccc9e8088a\">Download<\/a><\/div>\n\n\n\n<p><\/p>\n","protected":false},"excerpt":{"rendered":"<p>Due giorni tra natura, ricerca e confronto nel cuore delle Alpi. La Rete di Ricerche Ecologiche di Lungo Termine, ERSAF e Legambiente organizzano un incontro speciale nell\u2019area dei Bagni di [&hellip;]<\/p>\n","protected":false},"author":1,"featured_media":7211,"comment_status":"closed","ping_status":"closed","sticky":false,"template":"","format":"standard","meta":{"site-sidebar-layout":"default","site-content-layout":"","ast-site-content-layout":"default","site-content-style":"default","site-sidebar-style":"default","ast-global-header-display":"","ast-banner-title-visibility":"","ast-main-header-display":"","ast-hfb-above-header-display":"","ast-hfb-below-header-display":"","ast-hfb-mobile-header-display":"","site-post-title":"","ast-breadcrumbs-content":"","ast-featured-img":"","footer-sml-layout":"","ast-disable-related-posts":"","theme-transparent-header-meta":"","adv-header-id-meta":"","stick-header-meta":"","header-above-stick-meta":"","header-main-stick-meta":"","header-below-stick-meta":"","astra-migrate-meta-layouts":"default","ast-page-background-enabled":"default","ast-page-background-meta":{"desktop":{"background-color":"var(--ast-global-color-4)","background-image":"","background-repeat":"repeat","background-position":"center center","background-size":"auto","background-attachment":"scroll","background-type":"","background-media":"","overlay-type":"","overlay-color":"","overlay-opacity":"","overlay-gradient":""},"tablet":{"background-color":"","background-image":"","background-repeat":"repeat","background-position":"center center","background-size":"auto","background-attachment":"scroll","background-type":"","background-media":"","overlay-type":"","overlay-color":"","overlay-opacity":"","overlay-gradient":""},"mobile":{"background-color":"","background-image":"","background-repeat":"repeat","background-position":"center center","background-size":"auto","background-attachment":"scroll","background-type":"","background-media":"","overlay-type":"","overlay-color":"","overlay-opacity":"","overlay-gradient":""}},"ast-content-background-meta":{"desktop":{"background-color":"var(--ast-global-color-5)","background-image":"","background-repeat":"repeat","background-position":"center center","background-size":"auto","background-attachment":"scroll","background-type":"","background-media":"","overlay-type":"","overlay-color":"","overlay-opacity":"","overlay-gradient":""},"tablet":{"background-color":"var(--ast-global-color-5)","background-image":"","background-repeat":"repeat","background-position":"center center","background-size":"auto","background-attachment":"scroll","background-type":"","background-media":"","overlay-type":"","overlay-color":"","overlay-opacity":"","overlay-gradient":""},"mobile":{"background-color":"var(--ast-global-color-5)","background-image":"","background-repeat":"repeat","background-position":"center center","background-size":"auto","background-attachment":"scroll","background-type":"","background-media":"","overlay-type":"","overlay-color":"","overlay-opacity":"","overlay-gradient":""}},"footnotes":""},"categories":[233,213,218],"tags":[],"class_list":["post-7201","post","type-post","status-publish","format-standard","has-post-thumbnail","hentry","category-cammini-it","category-eventi","category-uncategorized-it"],"_links":{"self":[{"href":"https:\/\/www.lteritalia.it\/index.php?rest_route=\/wp\/v2\/posts\/7201","targetHints":{"allow":["GET"]}}],"collection":[{"href":"https:\/\/www.lteritalia.it\/index.php?rest_route=\/wp\/v2\/posts"}],"about":[{"href":"https:\/\/www.lteritalia.it\/index.php?rest_route=\/wp\/v2\/types\/post"}],"author":[{"embeddable":true,"href":"https:\/\/www.lteritalia.it\/index.php?rest_route=\/wp\/v2\/users\/1"}],"replies":[{"embeddable":true,"href":"https:\/\/www.lteritalia.it\/index.php?rest_route=%2Fwp%2Fv2%2Fcomments&post=7201"}],"version-history":[{"count":3,"href":"https:\/\/www.lteritalia.it\/index.php?rest_route=\/wp\/v2\/posts\/7201\/revisions"}],"predecessor-version":[{"id":7866,"href":"https:\/\/www.lteritalia.it\/index.php?rest_route=\/wp\/v2\/posts\/7201\/revisions\/7866"}],"wp:featuredmedia":[{"embeddable":true,"href":"https:\/\/www.lteritalia.it\/index.php?rest_route=\/wp\/v2\/media\/7211"}],"wp:attachment":[{"href":"https:\/\/www.lteritalia.it\/index.php?rest_route=%2Fwp%2Fv2%2Fmedia&parent=7201"}],"wp:term":[{"taxonomy":"category","embeddable":true,"href":"https:\/\/www.lteritalia.it\/index.php?rest_route=%2Fwp%2Fv2%2Fcategories&post=7201"},{"taxonomy":"post_tag","embeddable":true,"href":"https:\/\/www.lteritalia.it\/index.php?rest_route=%2Fwp%2Fv2%2Ftags&post=7201"}],"curies":[{"name":"wp","href":"https:\/\/api.w.org\/{rel}","templated":true}]}}