{"id":6147,"date":"2025-05-05T11:49:53","date_gmt":"2025-05-05T10:49:53","guid":{"rendered":"https:\/\/www.lteritalia.it\/wordpress\/?p=6147"},"modified":"2025-10-31T13:11:15","modified_gmt":"2025-10-31T12:11:15","slug":"riservamica-a-bosco-fontana","status":"publish","type":"post","link":"https:\/\/www.lteritalia.it\/?p=6147","title":{"rendered":"Riservamica a Bosco Fontana"},"content":{"rendered":"\n<figure class=\"wp-block-gallery has-nested-images columns-default is-cropped wp-block-gallery-1 is-layout-flex wp-block-gallery-is-layout-flex\">\n<figure class=\"wp-block-image aligncenter size-large\"><img loading=\"lazy\" decoding=\"async\" width=\"1024\" height=\"682\" data-id=\"6148\" src=\"https:\/\/www.lteritalia.it\/wordpress\/wp-content\/uploads\/Bosco-Fontana_drone_CdF-31-1024x682.jpg\" alt=\"\" class=\"wp-image-6148\" srcset=\"https:\/\/www.lteritalia.it\/wp-content\/uploads\/Bosco-Fontana_drone_CdF-31-1024x682.jpg 1024w, https:\/\/www.lteritalia.it\/wp-content\/uploads\/Bosco-Fontana_drone_CdF-31-300x200.jpg 300w, https:\/\/www.lteritalia.it\/wp-content\/uploads\/Bosco-Fontana_drone_CdF-31-768x511.jpg 768w, https:\/\/www.lteritalia.it\/wp-content\/uploads\/Bosco-Fontana_drone_CdF-31.jpg 1500w\" sizes=\"auto, (max-width: 1024px) 100vw, 1024px\" \/><\/figure>\n<\/figure>\n\n\n\n<p class=\"has-text-align-center\"><strong>In viaggio verso il Po, nel cuore verde della Pianura, dove storie antiche e moderne prendono vita tra le fronde delle querce. Vi aspettiamo il 24 maggio dalle ore 14:00.<\/strong><\/p>\n\n\n\n<p class=\"has-text-align-left\">La Riserva Naturale di Bosco Fontana fa parte della rete di ricerca ecologica di lungo termine LTER-Italia. Si tratta di un querco-carpineto residuale dell\u2019originaria foresta estesa su tutta la pianura Padana. Gi\u00e0 riserva di caccia dei Gonzaga, Bosco Fontana \u00e8 stato poi intensamente sfruttato sino all&#8217;istituzione della Riserva Naturale, caratterizzata da una gestione conservativa.<\/p>\n\n\n\n<p class=\"has-text-align-left\">Il giorno 24 maggio sar\u00e0 possibile  visitare la mostra fotografica &#8220;Presenze Silenziose&#8221; (a cura del gruppoGrandi Carnivori del CAI), prendere parte a laboratori ed escursioni naturalistiche a  cura del personale del CNCB Bosco Fontana scoprendo le attivit\u00e0 del sito LTER, e visitare la Palazzina gonzaghesca a cura dei volontari del FAI (solo per quest&#8217;ultima attivit\u00e0 la prenotazione \u00e8 obbligatoria scrivendo a: <a href=\"mailto:mantova@delegazionefai.fondoambiente.it\">mantova@delegazionefai.fondoambiente.it<\/a>).<\/p>\n\n\n\n<p class=\"has-text-align-left\">Per informazioni e prenotazioni: scrivere a <a href=\"mailto:eventiboscofontana@gmail.com\">eventiboscofontana@gmail.com<\/a> oppure chiamare il numero 0376295933 (luned\u00ec-venerd\u00ec 9.00-16.00)<\/p>\n\n\n\n<div data-wp-interactive=\"core\/file\" class=\"wp-block-file\"><object data-wp-bind--hidden=\"!state.hasPdfPreview\" hidden class=\"wp-block-file__embed\" data=\"https:\/\/www.lteritalia.it\/wp-content\/uploads\/Bosco-Fontana-locandina_compressed.pdf\" type=\"application\/pdf\" style=\"width:100%;height:600px\" aria-label=\"Embed of Bosco Fontana locandina_compressed.\"><\/object><a id=\"wp-block-file--media-ebe62e65-4192-470f-9918-8b166c1909f5\" href=\"https:\/\/www.lteritalia.it\/wp-content\/uploads\/Bosco-Fontana-locandina_compressed.pdf\">Bosco Fontana locandina_compressed<\/a><a href=\"https:\/\/www.lteritalia.it\/wp-content\/uploads\/Bosco-Fontana-locandina_compressed.pdf\" class=\"wp-block-file__button wp-element-button\" download aria-describedby=\"wp-block-file--media-ebe62e65-4192-470f-9918-8b166c1909f5\">Download<\/a><\/div>\n\n\n\n<div data-wp-interactive=\"core\/file\" class=\"wp-block-file\"><object data-wp-bind--hidden=\"!state.hasPdfPreview\" hidden class=\"wp-block-file__embed\" data=\"https:\/\/www.lteritalia.it\/wordpress\/wp-content\/uploads\/2025\/05\/Bosco-Fontana-20252.pdf\" type=\"application\/pdf\" style=\"width:100%;height:600px\" aria-label=\"Embed of Bosco Fontana 2025(2).\"><\/object><a id=\"wp-block-file--media-9370ffc0-4416-4538-acc0-6ed1ed253ca6\" href=\"https:\/\/www.lteritalia.it\/wordpress\/wp-content\/uploads\/2025\/05\/Bosco-Fontana-20252.pdf\">Bosco Fontana 2025(2)<\/a><a href=\"https:\/\/www.lteritalia.it\/wordpress\/wp-content\/uploads\/2025\/05\/Bosco-Fontana-20252.pdf\" class=\"wp-block-file__button wp-element-button\" download aria-describedby=\"wp-block-file--media-9370ffc0-4416-4538-acc0-6ed1ed253ca6\">Download<\/a><\/div>\n","protected":false},"excerpt":{"rendered":"<p>In viaggio verso il Po, nel cuore verde della Pianura, dove storie antiche e moderne prendono vita tra le fronde delle querce. Vi aspettiamo il 24 maggio dalle ore 14:00. [&hellip;]<\/p>\n","protected":false},"author":1,"featured_media":6148,"comment_status":"closed","ping_status":"closed","sticky":false,"template":"","format":"standard","meta":{"site-sidebar-layout":"default","site-content-layout":"","ast-site-content-layout":"default","site-content-style":"default","site-sidebar-style":"default","ast-global-header-display":"","ast-banner-title-visibility":"","ast-main-header-display":"","ast-hfb-above-header-display":"","ast-hfb-below-header-display":"","ast-hfb-mobile-header-display":"","site-post-title":"","ast-breadcrumbs-content":"","ast-featured-img":"","footer-sml-layout":"","ast-disable-related-posts":"","theme-transparent-header-meta":"","adv-header-id-meta":"","stick-header-meta":"","header-above-stick-meta":"","header-main-stick-meta":"","header-below-stick-meta":"","astra-migrate-meta-layouts":"default","ast-page-background-enabled":"default","ast-page-background-meta":{"desktop":{"background-color":"var(--ast-global-color-4)","background-image":"","background-repeat":"repeat","background-position":"center center","background-size":"auto","background-attachment":"scroll","background-type":"","background-media":"","overlay-type":"","overlay-color":"","overlay-opacity":"","overlay-gradient":""},"tablet":{"background-color":"","background-image":"","background-repeat":"repeat","background-position":"center center","background-size":"auto","background-attachment":"scroll","background-type":"","background-media":"","overlay-type":"","overlay-color":"","overlay-opacity":"","overlay-gradient":""},"mobile":{"background-color":"","background-image":"","background-repeat":"repeat","background-position":"center center","background-size":"auto","background-attachment":"scroll","background-type":"","background-media":"","overlay-type":"","overlay-color":"","overlay-opacity":"","overlay-gradient":""}},"ast-content-background-meta":{"desktop":{"background-color":"var(--ast-global-color-5)","background-image":"","background-repeat":"repeat","background-position":"center center","background-size":"auto","background-attachment":"scroll","background-type":"","background-media":"","overlay-type":"","overlay-color":"","overlay-opacity":"","overlay-gradient":""},"tablet":{"background-color":"var(--ast-global-color-5)","background-image":"","background-repeat":"repeat","background-position":"center center","background-size":"auto","background-attachment":"scroll","background-type":"","background-media":"","overlay-type":"","overlay-color":"","overlay-opacity":"","overlay-gradient":""},"mobile":{"background-color":"var(--ast-global-color-5)","background-image":"","background-repeat":"repeat","background-position":"center center","background-size":"auto","background-attachment":"scroll","background-type":"","background-media":"","overlay-type":"","overlay-color":"","overlay-opacity":"","overlay-gradient":""}},"footnotes":""},"categories":[233,213],"tags":[],"class_list":["post-6147","post","type-post","status-publish","format-standard","has-post-thumbnail","hentry","category-cammini-it","category-eventi"],"_links":{"self":[{"href":"https:\/\/www.lteritalia.it\/index.php?rest_route=\/wp\/v2\/posts\/6147","targetHints":{"allow":["GET"]}}],"collection":[{"href":"https:\/\/www.lteritalia.it\/index.php?rest_route=\/wp\/v2\/posts"}],"about":[{"href":"https:\/\/www.lteritalia.it\/index.php?rest_route=\/wp\/v2\/types\/post"}],"author":[{"embeddable":true,"href":"https:\/\/www.lteritalia.it\/index.php?rest_route=\/wp\/v2\/users\/1"}],"replies":[{"embeddable":true,"href":"https:\/\/www.lteritalia.it\/index.php?rest_route=%2Fwp%2Fv2%2Fcomments&post=6147"}],"version-history":[{"count":3,"href":"https:\/\/www.lteritalia.it\/index.php?rest_route=\/wp\/v2\/posts\/6147\/revisions"}],"predecessor-version":[{"id":7876,"href":"https:\/\/www.lteritalia.it\/index.php?rest_route=\/wp\/v2\/posts\/6147\/revisions\/7876"}],"wp:featuredmedia":[{"embeddable":true,"href":"https:\/\/www.lteritalia.it\/index.php?rest_route=\/wp\/v2\/media\/6148"}],"wp:attachment":[{"href":"https:\/\/www.lteritalia.it\/index.php?rest_route=%2Fwp%2Fv2%2Fmedia&parent=6147"}],"wp:term":[{"taxonomy":"category","embeddable":true,"href":"https:\/\/www.lteritalia.it\/index.php?rest_route=%2Fwp%2Fv2%2Fcategories&post=6147"},{"taxonomy":"post_tag","embeddable":true,"href":"https:\/\/www.lteritalia.it\/index.php?rest_route=%2Fwp%2Fv2%2Ftags&post=6147"}],"curies":[{"name":"wp","href":"https:\/\/api.w.org\/{rel}","templated":true}]}}